{"id":227,"__str__":"Autoria: Eduardinho do Pedr\u00e3o - Indica\u00e7\u00e3o n\u00ba 5 de 2013","link_detail_backend":"/materia/autoria/227","metadata":{},"primeiro_autor":true,"autor":19,"materia":217}