{"id":454,"__str__":"Autoria: Eduardinho do Pedr\u00e3o - Indica\u00e7\u00e3o n\u00ba 9 de 2015","link_detail_backend":"/materia/autoria/454","metadata":{},"primeiro_autor":true,"autor":19,"materia":423}