{"id":1115,"__str__":"Indica\u00e7\u00e3o n\u00ba 69 de 2019","link_detail_backend":"/materia/1115","metadata":{},"numero":69,"ano":2019,"numero_protocolo":null,"data_apresentacao":"2019-09-23","tipo_apresentacao":"E","data_publicacao":null,"numero_origem_externa":"","ano_origem_externa":null,"data_origem_externa":null,"apelido":"","dias_prazo":null,"data_fim_prazo":null,"em_tramitacao":false,"polemica":null,"objeto":"","complementar":null,"ementa":"Sugere que seja disponibilizada a todas as crian\u00e7as atendidas pelo munic\u00edpio, seja nas escolas, no projeto espa\u00e7o amigo e na creche Maria Helena Specian Fini - \"Comecinho de Vida, uma merenda especial na semana que antecede o dia das crian\u00e7as.","indexacao":"","observacao":"","resultado":"","texto_original":"http://sapl.salmourao.sp.leg.br/media/sapl/public/materialegislativa/2019/1115/indicacao_69.19_merenda_especial_dia_das_criancas_leandro.pdf","data_ultima_atualizacao":"2020-02-06T10:05:32.185680-03:00","ip":"164.163.239.224","ultima_edicao":"2020-02-06T10:04:03.868607-03:00","tipo":8,"regime_tramitacao":1,"tipo_origem_externa":null,"local_origem_externa":null,"user":29,"anexadas":[],"autores":[27]}