{"id":1915,"__str__":"Requerimento n\u00ba 6 de 2019 | Proposi\u00e7\u00e3o apresentada em Plen\u00e1rio | 25/02/2019","link_detail_backend":"/materia/tramitacao/1915","metadata":{},"timestamp":"2019-02-25T14:04:28.715564-03:00","data_tramitacao":"2019-02-25","data_encaminhamento":null,"urgente":false,"turno":"","texto":"Requerimento apresentado na 1\u00aa Sess\u00e3o Ordin\u00e1ria de 2019","data_fim_prazo":null,"ip":"","ultima_edicao":null,"status":28,"materia":986,"unidade_tramitacao_local":8,"unidade_tramitacao_destino":5,"user":null}