{"id":1928,"__str__":"Requerimento n\u00ba 7 de 2019 | Proposi\u00e7\u00e3o apresentada em Plen\u00e1rio | 11/03/2019","link_detail_backend":"/materia/tramitacao/1928","metadata":{},"timestamp":"2019-03-14T11:09:37.561269-03:00","data_tramitacao":"2019-03-11","data_encaminhamento":null,"urgente":false,"turno":"","texto":"Requerimento apresentado durante a 2\u00aa Sess\u00e3o Ordin\u00e1ria de 2019, em 11/3/2019","data_fim_prazo":null,"ip":"","ultima_edicao":null,"status":28,"materia":992,"unidade_tramitacao_local":8,"unidade_tramitacao_destino":5,"user":null}