{"id":2108,"__str__":"Requerimento n\u00ba 28 de 2019 | Proposi\u00e7\u00e3o apresentada em Plen\u00e1rio | 31/10/2019","link_detail_backend":"/materia/tramitacao/2108","metadata":{},"timestamp":"2019-11-06T15:55:51.676991-03:00","data_tramitacao":"2019-10-31","data_encaminhamento":null,"urgente":false,"turno":"","texto":"Requerimento apresentado em plen\u00e1rio durante a 7\u00aa Sess\u00e3o Extraordin\u00e1ria de 2019","data_fim_prazo":null,"ip":"164.163.239.224","ultima_edicao":null,"status":28,"materia":1094,"unidade_tramitacao_local":8,"unidade_tramitacao_destino":5,"user":29}