{"id":2125,"__str__":"Projeto de Lei Ordin\u00e1ria n\u00ba 24 de 2019 | Proposi\u00e7\u00e3o inclusa na Ordem do Dia | 25/11/2019","link_detail_backend":"/materia/tramitacao/2125","metadata":{},"timestamp":"2019-11-26T09:58:56.231386-03:00","data_tramitacao":"2019-11-25","data_encaminhamento":null,"urgente":true,"turno":"","texto":"Projeto incluso na Ordem do Dia da 17\u00aa Sess\u00e3o Ordin\u00e1ria de 2019, por for\u00e7a da aprova\u00e7\u00e3o do Requerimento n\u00ba 30/2019, de autoria dos Vereadores Nivaldo, Diego e Jo\u00e3o Leme. Vereador Eduardo Oliva Fernandes nomeado Relator Especial","data_fim_prazo":null,"ip":"164.163.239.224","ultima_edicao":null,"status":3,"materia":1098,"unidade_tramitacao_local":5,"unidade_tramitacao_destino":5,"user":29}