{"id":3922,"__str__":"Requerimento n\u00ba 5 de 2026 | Proposi\u00e7\u00e3o apresentada em Plen\u00e1rio | 04/02/2026","link_detail_backend":"/materia/tramitacao/3922","metadata":{},"timestamp":"2026-02-06T09:30:39.082231-03:00","data_tramitacao":"2026-02-04","data_encaminhamento":null,"urgente":false,"turno":"","texto":"Proposi\u00e7\u00e3o apresentada em plen\u00e1rio durante a 2\u00aa Sess\u00e3o Extraordin\u00e1ria de 2026","data_fim_prazo":null,"ip":"143.0.68.107","ultima_edicao":"2026-02-06T09:30:39.058085-03:00","status":28,"materia":2176,"unidade_tramitacao_local":8,"unidade_tramitacao_destino":5,"user":29}